{"id":4568,"date":"2022-10-28T17:53:44","date_gmt":"2022-10-28T22:53:44","guid":{"rendered":"https:\/\/ccrma.org\/?p=4568"},"modified":"2022-11-03T10:51:22","modified_gmt":"2022-11-03T15:51:22","slug":"i-69-sign-unveiling-ceremony","status":"publish","type":"post","link":"https:\/\/ccrma.org\/es\/community\/i-69-sign-unveiling-ceremony\/","title":{"rendered":"Ceremonia de inauguraci\u00f3n de letreros I-69"},"content":{"rendered":"<p><strong>October 28, 2022 \u2013<\/strong> Today we gathered to celebrate the continued progress of I-69 with the addition of two great milestones. This morning we joined our local and elected leaders for the celebration with the addition of 5.6 miles of I-69E to the Interstate Highway system in Kenedy and Willacy Counties. This afternoon we celebrated the signing of 2.5 miles of SH 550\/I-169 in Cameron County.<\/p>\n<p>The Texas Department of Transportation (TxDOT), as part of the Intermodal Surface Transportation Efficiency Act of 1991, is developing the I-69 System in Texas through a series of small, local-level projects. In Texas, the I-69 System will extend through various highways. As of today, over 220 miles of the I-69 System in Texas have been added. Once the highway sections have been upgraded to interstate standards the I-69 System will extend through Texas, Louisiana, Arkansas, Mississippi, Tennessee, Indiana, and Michigan, providing a new continuous interstate corridor connecting Mexico, the United States, and Canada.<\/p>\n<p>The Cameron County Regional Mobility is honored to partake in this event with several Board Members and Staff present along with (but not limited to) Cameron County Leadership, the Texas Department of Transportation Executive Director \/ District Engineer, Governor Abbott&#8217;s Office, and members of the I-69 Alliance.<\/p>\n<p>read more:\u00a0<a href=\"https:\/\/myrgv.com\/local-news\/2022\/10\/28\/more-miles-interstate-sign-unveilings-held-friday\/\">My RGV News<\/a><br \/>\n<a href=\"https:\/\/riograndeguardian.com\/video-audio-txdot-unveils-new-signs-for-i-169-spur\/\">Rio Grande Guardian News<\/a><\/p>\n<div id=\"metaslider-id-4527\" style=\"max-width: 500px; margin: 0 auto;\" class=\"ml-slider-3-108-0 metaslider metaslider-nivo metaslider-4527 ml-slider has-dots-nav ms-theme-default\" role=\"region\" aria-label=\"I-69 Unveiling Ceremony\" data-height=\"400\" data-width=\"500\">\n    <div id=\"metaslider_container_4527\">\n        <div class='slider-wrapper theme-default'><div class='ribbon'><\/div><div id='metaslider_4527' class='nivoSlider'><img loading=\"lazy\" decoding=\"async\" src=\"https:\/\/ccrma.org\/wp-content\/uploads\/2022\/10\/IMG_4470-scaled-500x400.jpg\" height=\"400\" width=\"500\" title=\"IMG_4470\" alt=\"\" class=\"slider-4527 slide-4548 msDefaultImage\" \/><img loading=\"lazy\" decoding=\"async\" src=\"https:\/\/ccrma.org\/wp-content\/uploads\/2022\/10\/IMG_4480-scaled-500x400.jpg\" height=\"400\" width=\"500\" title=\"IMG_4480\" alt=\"\" class=\"slider-4527 slide-4549 msDefaultImage\" \/><img loading=\"lazy\" decoding=\"async\" src=\"https:\/\/ccrma.org\/wp-content\/uploads\/2022\/10\/IMG_4504-scaled-500x400.jpg\" height=\"400\" width=\"500\" title=\"IMG_4504\" alt=\"\" class=\"slider-4527 slide-4550 msDefaultImage\" \/><img loading=\"lazy\" decoding=\"async\" src=\"https:\/\/ccrma.org\/wp-content\/uploads\/2022\/10\/IMG_4496-scaled-500x400.jpg\" height=\"400\" width=\"500\" title=\"IMG_4496\" alt=\"\" class=\"slider-4527 slide-4551 msDefaultImage\" \/><img loading=\"lazy\" decoding=\"async\" src=\"https:\/\/ccrma.org\/wp-content\/uploads\/2022\/10\/IMG_4567-scaled-500x400.jpg\" height=\"400\" width=\"500\" title=\"IMG_4567\" alt=\"\" class=\"slider-4527 slide-4552 msDefaultImage\" \/><img loading=\"lazy\" decoding=\"async\" src=\"https:\/\/ccrma.org\/wp-content\/uploads\/2022\/10\/IMG_4599-scaled-500x400.jpg\" height=\"400\" width=\"500\" title=\"IMG_4599\" alt=\"\" class=\"slider-4527 slide-4553 msDefaultImage\" \/><img loading=\"lazy\" decoding=\"async\" src=\"https:\/\/ccrma.org\/wp-content\/uploads\/2022\/10\/IMG_4620-scaled-500x400.jpg\" height=\"400\" width=\"500\" title=\"IMG_4620\" alt=\"\" class=\"slider-4527 slide-4554 msDefaultImage\" \/><img loading=\"lazy\" decoding=\"async\" src=\"https:\/\/ccrma.org\/wp-content\/uploads\/2022\/10\/IMG_4643-scaled-500x400.jpg\" height=\"400\" width=\"500\" title=\"IMG_4643\" alt=\"\" class=\"slider-4527 slide-4555 msDefaultImage\" \/><img loading=\"lazy\" decoding=\"async\" src=\"https:\/\/ccrma.org\/wp-content\/uploads\/2022\/10\/IMG_4650-scaled-500x400.jpg\" height=\"400\" width=\"500\" title=\"IMG_4650\" alt=\"\" class=\"slider-4527 slide-4556 msDefaultImage\" \/><img loading=\"lazy\" decoding=\"async\" src=\"https:\/\/ccrma.org\/wp-content\/uploads\/2022\/10\/IMG_4659-scaled-500x400.jpg\" height=\"400\" width=\"500\" title=\"IMG_4659\" alt=\"\" class=\"slider-4527 slide-4557 msDefaultImage\" \/><img loading=\"lazy\" decoding=\"async\" src=\"https:\/\/ccrma.org\/wp-content\/uploads\/2022\/10\/IMG_4682-scaled-500x400.jpg\" height=\"400\" width=\"500\" title=\"IMG_4682\" alt=\"\" class=\"slider-4527 slide-4558 msDefaultImage\" \/><img loading=\"lazy\" decoding=\"async\" src=\"https:\/\/ccrma.org\/wp-content\/uploads\/2022\/10\/IMG_4690-scaled-500x400.jpg\" height=\"400\" width=\"500\" title=\"IMG_4690\" alt=\"\" class=\"slider-4527 slide-4559 msDefaultImage\" \/><img loading=\"lazy\" decoding=\"async\" src=\"https:\/\/ccrma.org\/wp-content\/uploads\/2022\/10\/IMG_4698-scaled-500x400.jpg\" height=\"400\" width=\"500\" title=\"IMG_4698\" alt=\"\" class=\"slider-4527 slide-4560 msDefaultImage\" \/><img loading=\"lazy\" decoding=\"async\" src=\"https:\/\/ccrma.org\/wp-content\/uploads\/2022\/10\/IMG_4699-scaled-500x400.jpg\" height=\"400\" width=\"500\" title=\"IMG_4699\" alt=\"\" class=\"slider-4527 slide-4561 msDefaultImage\" \/><img loading=\"lazy\" decoding=\"async\" src=\"https:\/\/ccrma.org\/wp-content\/uploads\/2022\/10\/IMG_4703-scaled-500x400.jpg\" height=\"400\" width=\"500\" title=\"IMG_4703\" alt=\"\" class=\"slider-4527 slide-4562 msDefaultImage\" \/><img loading=\"lazy\" decoding=\"async\" src=\"https:\/\/ccrma.org\/wp-content\/uploads\/2022\/10\/IMG_4719-scaled-500x400.jpg\" height=\"400\" width=\"500\" title=\"IMG_4719\" alt=\"\" class=\"slider-4527 slide-4563 msDefaultImage\" \/><img loading=\"lazy\" decoding=\"async\" src=\"https:\/\/ccrma.org\/wp-content\/uploads\/2022\/10\/IMG_4817-scaled-500x400.jpg\" height=\"400\" width=\"500\" title=\"IMG_4817\" alt=\"\" class=\"slider-4527 slide-4564 msDefaultImage\" \/><img loading=\"lazy\" decoding=\"async\" src=\"https:\/\/ccrma.org\/wp-content\/uploads\/2022\/10\/IMG_4935-scaled-500x400.jpg\" height=\"400\" width=\"500\" title=\"IMG_4935\" alt=\"\" class=\"slider-4527 slide-4565 msDefaultImage\" \/><img loading=\"lazy\" decoding=\"async\" src=\"https:\/\/ccrma.org\/wp-content\/uploads\/2022\/10\/IMG_4943-scaled-500x400.jpg\" height=\"400\" width=\"500\" title=\"IMG_4943\" alt=\"\" class=\"slider-4527 slide-4566 msDefaultImage\" \/><img loading=\"lazy\" decoding=\"async\" src=\"https:\/\/ccrma.org\/wp-content\/uploads\/2022\/10\/IMG_4788-scaled-500x400.jpg\" height=\"400\" width=\"500\" title=\"IMG_4788\" alt=\"\" class=\"slider-4527 slide-4567 msDefaultImage\" \/><\/div><\/div>\n        \n    <\/div>\n<\/div>","protected":false},"excerpt":{"rendered":"<p>28 de octubre de 2022: hoy nos reunimos para celebrar el progreso continuo de la I-69 con la adici\u00f3n de dos grandes hitos. Esta ma\u00f1ana nos unimos a nuestros l\u00edderes locales y electos para la celebraci\u00f3n con la adici\u00f3n de 5.6 millas de la I-69E al sistema de autopistas interestatales en los condados de Kenedy y Willacy. Esta tarde celebramos\u2026<\/p><span class=\"readmore_wrap\">\u2026 <a class=\"more_link\" href=\"https:\/\/ccrma.org\/es\/community\/i-69-sign-unveiling-ceremony\/\" title=\"Leer m\u00e1s &#039;Ceremonia de inauguraci\u00f3n de letreros I-69&#039;\">Lee mas<\/a><\/span>","protected":false},"author":4,"featured_media":4545,"comment_status":"open","ping_status":"open","sticky":false,"template":"","format":"standard","meta":{"_acf_changed":false,"inline_featured_image":false,"footnotes":"","_links_to":"","_links_to_target":""},"categories":[255,1,256],"tags":[],"class_list":["post-4568","post","type-post","status-publish","format-standard","has-post-thumbnail","hentry","category-community","category-news","category-press-releases"],"acf":[],"yoast_head":"<!-- This site is optimized with the Yoast SEO plugin v27.5 - https:\/\/yoast.com\/product\/yoast-seo-wordpress\/ -->\n<title>I-69 Sign Unveiling Ceremony - Cameron County Regional Mobility Authority<\/title>\n<meta name=\"robots\" content=\"index, follow, max-snippet:-1, max-image-preview:large, max-video-preview:-1\" \/>\n<link rel=\"canonical\" href=\"https:\/\/ccrma.org\/es\/community\/i-69-sign-unveiling-ceremony\/\" \/>\n<meta property=\"og:locale\" content=\"es_MX\" \/>\n<meta property=\"og:type\" content=\"article\" \/>\n<meta property=\"og:title\" content=\"I-69 Sign Unveiling Ceremony - Cameron County Regional Mobility Authority\" \/>\n<meta property=\"og:description\" content=\"October 28, 2022 \u2013 Today we gathered to celebrate the continued progress of I-69 with the addition of two great milestones. This morning we joined our local and elected leaders for the celebration with the addition of 5.6 miles of I-69E to the Interstate Highway system in Kenedy and Willacy Counties. This afternoon we celebrated&hellip;\" \/>\n<meta property=\"og:url\" content=\"https:\/\/ccrma.org\/es\/community\/i-69-sign-unveiling-ceremony\/\" \/>\n<meta property=\"og:site_name\" content=\"Cameron County Regional Mobility Authority\" \/>\n<meta property=\"article:published_time\" content=\"2022-10-28T22:53:44+00:00\" \/>\n<meta property=\"article:modified_time\" content=\"2022-11-03T15:51:22+00:00\" \/>\n<meta property=\"og:image\" content=\"https:\/\/ccrma.org\/wp-content\/uploads\/2022\/10\/IMG_4935-1024x683.jpg\" \/>\n\t<meta property=\"og:image:width\" content=\"1024\" \/>\n\t<meta property=\"og:image:height\" content=\"683\" \/>\n\t<meta property=\"og:image:type\" content=\"image\/jpeg\" \/>\n<meta name=\"author\" content=\"Ericka Trevino\" \/>\n<meta name=\"twitter:card\" content=\"summary_large_image\" \/>\n<meta name=\"twitter:label1\" content=\"Escrito por\" \/>\n\t<meta name=\"twitter:data1\" content=\"Ericka Trevino\" \/>\n\t<meta name=\"twitter:label2\" content=\"Tiempo de lectura\" \/>\n\t<meta name=\"twitter:data2\" content=\"1 minuto\" \/>\n<script type=\"application\/ld+json\" class=\"yoast-schema-graph\">{\"@context\":\"https:\\\/\\\/schema.org\",\"@graph\":[{\"@type\":\"Article\",\"@id\":\"https:\\\/\\\/ccrma.org\\\/community\\\/i-69-sign-unveiling-ceremony\\\/#article\",\"isPartOf\":{\"@id\":\"https:\\\/\\\/ccrma.org\\\/community\\\/i-69-sign-unveiling-ceremony\\\/\"},\"author\":{\"name\":\"Ericka Trevino\",\"@id\":\"https:\\\/\\\/ccrma.org\\\/#\\\/schema\\\/person\\\/f7d10a6f70efee01f3a3472062b95083\"},\"headline\":\"I-69 Sign Unveiling Ceremony\",\"datePublished\":\"2022-10-28T22:53:44+00:00\",\"dateModified\":\"2022-11-03T15:51:22+00:00\",\"mainEntityOfPage\":{\"@id\":\"https:\\\/\\\/ccrma.org\\\/community\\\/i-69-sign-unveiling-ceremony\\\/\"},\"wordCount\":214,\"commentCount\":0,\"image\":{\"@id\":\"https:\\\/\\\/ccrma.org\\\/community\\\/i-69-sign-unveiling-ceremony\\\/#primaryimage\"},\"thumbnailUrl\":\"https:\\\/\\\/ccrma.org\\\/wp-content\\\/uploads\\\/2022\\\/10\\\/IMG_4935-scaled.jpg\",\"articleSection\":[\"Community Involvement\",\"News &amp; Events\",\"Press Releases &amp; Media\"],\"inLanguage\":\"es\",\"potentialAction\":[{\"@type\":\"CommentAction\",\"name\":\"Comment\",\"target\":[\"https:\\\/\\\/ccrma.org\\\/community\\\/i-69-sign-unveiling-ceremony\\\/#respond\"]}]},{\"@type\":\"WebPage\",\"@id\":\"https:\\\/\\\/ccrma.org\\\/community\\\/i-69-sign-unveiling-ceremony\\\/\",\"url\":\"https:\\\/\\\/ccrma.org\\\/community\\\/i-69-sign-unveiling-ceremony\\\/\",\"name\":\"I-69 Sign Unveiling Ceremony - Cameron County Regional Mobility Authority\",\"isPartOf\":{\"@id\":\"https:\\\/\\\/ccrma.org\\\/#website\"},\"primaryImageOfPage\":{\"@id\":\"https:\\\/\\\/ccrma.org\\\/community\\\/i-69-sign-unveiling-ceremony\\\/#primaryimage\"},\"image\":{\"@id\":\"https:\\\/\\\/ccrma.org\\\/community\\\/i-69-sign-unveiling-ceremony\\\/#primaryimage\"},\"thumbnailUrl\":\"https:\\\/\\\/ccrma.org\\\/wp-content\\\/uploads\\\/2022\\\/10\\\/IMG_4935-scaled.jpg\",\"datePublished\":\"2022-10-28T22:53:44+00:00\",\"dateModified\":\"2022-11-03T15:51:22+00:00\",\"author\":{\"@id\":\"https:\\\/\\\/ccrma.org\\\/#\\\/schema\\\/person\\\/f7d10a6f70efee01f3a3472062b95083\"},\"breadcrumb\":{\"@id\":\"https:\\\/\\\/ccrma.org\\\/community\\\/i-69-sign-unveiling-ceremony\\\/#breadcrumb\"},\"inLanguage\":\"es\",\"potentialAction\":[{\"@type\":\"ReadAction\",\"target\":[\"https:\\\/\\\/ccrma.org\\\/community\\\/i-69-sign-unveiling-ceremony\\\/\"]}]},{\"@type\":\"ImageObject\",\"inLanguage\":\"es\",\"@id\":\"https:\\\/\\\/ccrma.org\\\/community\\\/i-69-sign-unveiling-ceremony\\\/#primaryimage\",\"url\":\"https:\\\/\\\/ccrma.org\\\/wp-content\\\/uploads\\\/2022\\\/10\\\/IMG_4935-scaled.jpg\",\"contentUrl\":\"https:\\\/\\\/ccrma.org\\\/wp-content\\\/uploads\\\/2022\\\/10\\\/IMG_4935-scaled.jpg\",\"width\":2560,\"height\":1707},{\"@type\":\"BreadcrumbList\",\"@id\":\"https:\\\/\\\/ccrma.org\\\/community\\\/i-69-sign-unveiling-ceremony\\\/#breadcrumb\",\"itemListElement\":[{\"@type\":\"ListItem\",\"position\":1,\"name\":\"Home\",\"item\":\"https:\\\/\\\/ccrma.org\\\/\"},{\"@type\":\"ListItem\",\"position\":2,\"name\":\"I-69 Sign Unveiling Ceremony\"}]},{\"@type\":\"WebSite\",\"@id\":\"https:\\\/\\\/ccrma.org\\\/#website\",\"url\":\"https:\\\/\\\/ccrma.org\\\/\",\"name\":\"Cameron County Regional Mobility Authority\",\"description\":\"\",\"potentialAction\":[{\"@type\":\"SearchAction\",\"target\":{\"@type\":\"EntryPoint\",\"urlTemplate\":\"https:\\\/\\\/ccrma.org\\\/?s={search_term_string}\"},\"query-input\":{\"@type\":\"PropertyValueSpecification\",\"valueRequired\":true,\"valueName\":\"search_term_string\"}}],\"inLanguage\":\"es\"},{\"@type\":\"Person\",\"@id\":\"https:\\\/\\\/ccrma.org\\\/#\\\/schema\\\/person\\\/f7d10a6f70efee01f3a3472062b95083\",\"name\":\"Ericka Trevino\",\"image\":{\"@type\":\"ImageObject\",\"inLanguage\":\"es\",\"@id\":\"https:\\\/\\\/secure.gravatar.com\\\/avatar\\\/c323591cfe9222248a5c5089d1eb01617491a8d83b764f8a475747164cf1fdf4?s=96&d=mm&r=g\",\"url\":\"https:\\\/\\\/secure.gravatar.com\\\/avatar\\\/c323591cfe9222248a5c5089d1eb01617491a8d83b764f8a475747164cf1fdf4?s=96&d=mm&r=g\",\"contentUrl\":\"https:\\\/\\\/secure.gravatar.com\\\/avatar\\\/c323591cfe9222248a5c5089d1eb01617491a8d83b764f8a475747164cf1fdf4?s=96&d=mm&r=g\",\"caption\":\"Ericka Trevino\"},\"url\":\"https:\\\/\\\/ccrma.org\\\/es\\\/author\\\/etrevino\\\/\"}]}<\/script>\n<!-- \/ Yoast SEO plugin. -->","yoast_head_json":{"title":"I-69 Sign Unveiling Ceremony - Cameron County Regional Mobility Authority","robots":{"index":"index","follow":"follow","max-snippet":"max-snippet:-1","max-image-preview":"max-image-preview:large","max-video-preview":"max-video-preview:-1"},"canonical":"https:\/\/ccrma.org\/es\/community\/i-69-sign-unveiling-ceremony\/","og_locale":"es_MX","og_type":"article","og_title":"I-69 Sign Unveiling Ceremony - Cameron County Regional Mobility Authority","og_description":"October 28, 2022 \u2013 Today we gathered to celebrate the continued progress of I-69 with the addition of two great milestones. This morning we joined our local and elected leaders for the celebration with the addition of 5.6 miles of I-69E to the Interstate Highway system in Kenedy and Willacy Counties. This afternoon we celebrated&hellip;","og_url":"https:\/\/ccrma.org\/es\/community\/i-69-sign-unveiling-ceremony\/","og_site_name":"Cameron County Regional Mobility Authority","article_published_time":"2022-10-28T22:53:44+00:00","article_modified_time":"2022-11-03T15:51:22+00:00","og_image":[{"width":1024,"height":683,"url":"https:\/\/ccrma.org\/wp-content\/uploads\/2022\/10\/IMG_4935-1024x683.jpg","type":"image\/jpeg"}],"author":"Ericka Trevino","twitter_card":"summary_large_image","twitter_misc":{"Escrito por":"Ericka Trevino","Tiempo de lectura":"1 minuto"},"schema":{"@context":"https:\/\/schema.org","@graph":[{"@type":"Article","@id":"https:\/\/ccrma.org\/community\/i-69-sign-unveiling-ceremony\/#article","isPartOf":{"@id":"https:\/\/ccrma.org\/community\/i-69-sign-unveiling-ceremony\/"},"author":{"name":"Ericka Trevino","@id":"https:\/\/ccrma.org\/#\/schema\/person\/f7d10a6f70efee01f3a3472062b95083"},"headline":"I-69 Sign Unveiling Ceremony","datePublished":"2022-10-28T22:53:44+00:00","dateModified":"2022-11-03T15:51:22+00:00","mainEntityOfPage":{"@id":"https:\/\/ccrma.org\/community\/i-69-sign-unveiling-ceremony\/"},"wordCount":214,"commentCount":0,"image":{"@id":"https:\/\/ccrma.org\/community\/i-69-sign-unveiling-ceremony\/#primaryimage"},"thumbnailUrl":"https:\/\/ccrma.org\/wp-content\/uploads\/2022\/10\/IMG_4935-scaled.jpg","articleSection":["Community Involvement","News &amp; Events","Press Releases &amp; Media"],"inLanguage":"es","potentialAction":[{"@type":"CommentAction","name":"Comment","target":["https:\/\/ccrma.org\/community\/i-69-sign-unveiling-ceremony\/#respond"]}]},{"@type":"WebPage","@id":"https:\/\/ccrma.org\/community\/i-69-sign-unveiling-ceremony\/","url":"https:\/\/ccrma.org\/community\/i-69-sign-unveiling-ceremony\/","name":"I-69 Sign Unveiling Ceremony - Cameron County Regional Mobility Authority","isPartOf":{"@id":"https:\/\/ccrma.org\/#website"},"primaryImageOfPage":{"@id":"https:\/\/ccrma.org\/community\/i-69-sign-unveiling-ceremony\/#primaryimage"},"image":{"@id":"https:\/\/ccrma.org\/community\/i-69-sign-unveiling-ceremony\/#primaryimage"},"thumbnailUrl":"https:\/\/ccrma.org\/wp-content\/uploads\/2022\/10\/IMG_4935-scaled.jpg","datePublished":"2022-10-28T22:53:44+00:00","dateModified":"2022-11-03T15:51:22+00:00","author":{"@id":"https:\/\/ccrma.org\/#\/schema\/person\/f7d10a6f70efee01f3a3472062b95083"},"breadcrumb":{"@id":"https:\/\/ccrma.org\/community\/i-69-sign-unveiling-ceremony\/#breadcrumb"},"inLanguage":"es","potentialAction":[{"@type":"ReadAction","target":["https:\/\/ccrma.org\/community\/i-69-sign-unveiling-ceremony\/"]}]},{"@type":"ImageObject","inLanguage":"es","@id":"https:\/\/ccrma.org\/community\/i-69-sign-unveiling-ceremony\/#primaryimage","url":"https:\/\/ccrma.org\/wp-content\/uploads\/2022\/10\/IMG_4935-scaled.jpg","contentUrl":"https:\/\/ccrma.org\/wp-content\/uploads\/2022\/10\/IMG_4935-scaled.jpg","width":2560,"height":1707},{"@type":"BreadcrumbList","@id":"https:\/\/ccrma.org\/community\/i-69-sign-unveiling-ceremony\/#breadcrumb","itemListElement":[{"@type":"ListItem","position":1,"name":"Home","item":"https:\/\/ccrma.org\/"},{"@type":"ListItem","position":2,"name":"I-69 Sign Unveiling Ceremony"}]},{"@type":"WebSite","@id":"https:\/\/ccrma.org\/#website","url":"https:\/\/ccrma.org\/","name":"Autoridad de Movilidad Regional del Condado de Cameron","description":"","potentialAction":[{"@type":"SearchAction","target":{"@type":"EntryPoint","urlTemplate":"https:\/\/ccrma.org\/?s={search_term_string}"},"query-input":{"@type":"PropertyValueSpecification","valueRequired":true,"valueName":"search_term_string"}}],"inLanguage":"es"},{"@type":"Person","@id":"https:\/\/ccrma.org\/#\/schema\/person\/f7d10a6f70efee01f3a3472062b95083","name":"Ericka Trevino","image":{"@type":"ImageObject","inLanguage":"es","@id":"https:\/\/secure.gravatar.com\/avatar\/c323591cfe9222248a5c5089d1eb01617491a8d83b764f8a475747164cf1fdf4?s=96&d=mm&r=g","url":"https:\/\/secure.gravatar.com\/avatar\/c323591cfe9222248a5c5089d1eb01617491a8d83b764f8a475747164cf1fdf4?s=96&d=mm&r=g","contentUrl":"https:\/\/secure.gravatar.com\/avatar\/c323591cfe9222248a5c5089d1eb01617491a8d83b764f8a475747164cf1fdf4?s=96&d=mm&r=g","caption":"Ericka Trevino"},"url":"https:\/\/ccrma.org\/es\/author\/etrevino\/"}]}},"_links":{"self":[{"href":"https:\/\/ccrma.org\/es\/wp-json\/wp\/v2\/posts\/4568","targetHints":{"allow":["GET"]}}],"collection":[{"href":"https:\/\/ccrma.org\/es\/wp-json\/wp\/v2\/posts"}],"about":[{"href":"https:\/\/ccrma.org\/es\/wp-json\/wp\/v2\/types\/post"}],"author":[{"embeddable":true,"href":"https:\/\/ccrma.org\/es\/wp-json\/wp\/v2\/users\/4"}],"replies":[{"embeddable":true,"href":"https:\/\/ccrma.org\/es\/wp-json\/wp\/v2\/comments?post=4568"}],"version-history":[{"count":0,"href":"https:\/\/ccrma.org\/es\/wp-json\/wp\/v2\/posts\/4568\/revisions"}],"wp:featuredmedia":[{"embeddable":true,"href":"https:\/\/ccrma.org\/es\/wp-json\/wp\/v2\/media\/4545"}],"wp:attachment":[{"href":"https:\/\/ccrma.org\/es\/wp-json\/wp\/v2\/media?parent=4568"}],"wp:term":[{"taxonomy":"category","embeddable":true,"href":"https:\/\/ccrma.org\/es\/wp-json\/wp\/v2\/categories?post=4568"},{"taxonomy":"post_tag","embeddable":true,"href":"https:\/\/ccrma.org\/es\/wp-json\/wp\/v2\/tags?post=4568"}],"curies":[{"name":"wp","href":"https:\/\/api.w.org\/{rel}","templated":true}]}}